{"id":540,"date":"2023-04-15T15:52:13","date_gmt":"2023-04-15T15:52:13","guid":{"rendered":"http:\/\/czerwie.art\/?p=540"},"modified":"2023-04-15T15:55:31","modified_gmt":"2023-04-15T15:55:31","slug":"pan-tadeusz","status":"publish","type":"post","link":"http:\/\/czerwie.art\/en\/2023\/04\/15\/pan-tadeusz\/","title":{"rendered":"PAN TADEUSZ"},"content":{"rendered":"<p>\u201ePan Tadeusz\u201d (1928), dir. R. Ordy\u0144ski<br>Time: 72 min.<br>\u201ePan Tadeusz\u201d \u2013 do filmu film niemy.&nbsp;Oficjalna fiksacja \u2013 miejsce 9 listopada 1928 roku w Warszawie.&nbsp;W dzisiejszych czasach Pana Tadeusza zapierza jako \u201eepopej\u0119 filmow\u0105 nie\u015bmiertelnego dzie\u0142a Adama Mickiewicza\u201d, obraz rocznicowy, \u201esuperprodukcj\u0119 zrealizowan\u0105 na dziesi\u0119ciolecie niepodleg\u0142o\u015bci Polski\u201d.&nbsp;Projekt okaza\u0142 si\u0119 dla tw\u00f3rc\u00f3w sukcesem komercyjnym, ciesz\u0105c si\u0119 wielkim powodzeniem w stolicy.&nbsp;Film zagin\u0105\u0142 w czasie II wojny \u015bwiatowej.&nbsp;W latach 50-tych XX wieku fragment fragmentarycznego filmu o cyfrowej d\u0142ugo\u015bci czterdziestu dw\u00f3ch minut.&nbsp;W 2006 roku jeste\u015bmy ju\u017c od czasu do czasu fragmenty, dzi\u0119ki czemu uda\u0142o si\u0119 zrekonstruowa\u0107 oko\u0142o stu dwudziestu minut trwania obrazu.<\/p>\n\n\n\n<br>\n\n\n\n<figure class=\"wp-block-embed is-type-video is-provider-youtube wp-block-embed-youtube wp-embed-aspect-4-3 wp-has-aspect-ratio\"><div class=\"wp-block-embed__wrapper\">\n<iframe loading=\"lazy\" title=\"Czerwie - &quot;Pan Tadeusz &quot; - fragmenty muzyki do filmu niemego\" width=\"640\" height=\"480\" src=\"https:\/\/www.youtube.com\/embed\/O2Qks25FDNY?feature=oembed\" frameborder=\"0\" allow=\"accelerometer; autoplay; clipboard-write; encrypted-media; gyroscope; picture-in-picture; web-share\" referrerpolicy=\"strict-origin-when-cross-origin\" allowfullscreen><\/iframe>\n<\/div><\/figure>","protected":false},"excerpt":{"rendered":"<p>\u201ePan Tadeusz\u201d (1928), re\u017c.: R. Ordy\u0144skiCzas: 72 min.\u201ePan Tadeusz\u201d \u2013 do filmu film niemy.&nbsp;Oficjalna fiksacja \u2013 miejsce 9 listopada 1928 roku w<\/p>\n<p class=\"link-more\"><a class=\"myButt\" href=\"http:\/\/czerwie.art\/en\/2023\/04\/15\/pan-tadeusz\/\">czytaj wi\u0119cej&#8230;<\/a><\/p>","protected":false},"author":1,"featured_media":542,"comment_status":"closed","ping_status":"closed","sticky":false,"template":"","format":"standard","meta":{"footnotes":""},"categories":[6,16],"tags":[],"class_list":["post-540","post","type-post","status-publish","format-standard","has-post-thumbnail","hentry","category-muzyka-do-filmow","category-pan-tadeusz"],"_links":{"self":[{"href":"http:\/\/czerwie.art\/en\/wp-json\/wp\/v2\/posts\/540","targetHints":{"allow":["GET"]}}],"collection":[{"href":"http:\/\/czerwie.art\/en\/wp-json\/wp\/v2\/posts"}],"about":[{"href":"http:\/\/czerwie.art\/en\/wp-json\/wp\/v2\/types\/post"}],"author":[{"embeddable":true,"href":"http:\/\/czerwie.art\/en\/wp-json\/wp\/v2\/users\/1"}],"replies":[{"embeddable":true,"href":"http:\/\/czerwie.art\/en\/wp-json\/wp\/v2\/comments?post=540"}],"version-history":[{"count":2,"href":"http:\/\/czerwie.art\/en\/wp-json\/wp\/v2\/posts\/540\/revisions"}],"predecessor-version":[{"id":547,"href":"http:\/\/czerwie.art\/en\/wp-json\/wp\/v2\/posts\/540\/revisions\/547"}],"wp:featuredmedia":[{"embeddable":true,"href":"http:\/\/czerwie.art\/en\/wp-json\/wp\/v2\/media\/542"}],"wp:attachment":[{"href":"http:\/\/czerwie.art\/en\/wp-json\/wp\/v2\/media?parent=540"}],"wp:term":[{"taxonomy":"category","embeddable":true,"href":"http:\/\/czerwie.art\/en\/wp-json\/wp\/v2\/categories?post=540"},{"taxonomy":"post_tag","embeddable":true,"href":"http:\/\/czerwie.art\/en\/wp-json\/wp\/v2\/tags?post=540"}],"curies":[{"name":"wp","href":"https:\/\/api.w.org\/{rel}","templated":true}]}}